{"id":10976,"date":"2022-06-13T15:18:47","date_gmt":"2022-06-13T13:18:47","guid":{"rendered":"https:\/\/www.letregrazie.it\/?p=10976"},"modified":"2022-06-13T15:18:47","modified_gmt":"2022-06-13T13:18:47","slug":"les-cours-de-yoga-et-de-meditation-ont-commence","status":"publish","type":"post","link":"https:\/\/www.letregrazie.it\/fr\/les-cours-de-yoga-et-de-meditation-ont-commence\/","title":{"rendered":"Les cours de yoga et de m\u00e9ditation ont commenc\u00e9."},"content":{"rendered":"<p>Pour d\u00e8charger le stress et r\u00e9\u00e9quilibrer le corps et l&rsquo;esprit en vacance .<\/p>\n<p><img loading=\"lazy\" decoding=\"async\" class=\"alignnone size-medium wp-image-10971\" src=\"https:\/\/www.letregrazie.it\/wp-content\/uploads\/2022\/06\/IMG_5696-1-300x225.jpg\" alt=\"\" width=\"300\" height=\"225\" srcset=\"https:\/\/www.letregrazie.it\/wp-content\/uploads\/2022\/06\/IMG_5696-1-300x225.jpg 300w, https:\/\/www.letregrazie.it\/wp-content\/uploads\/2022\/06\/IMG_5696-1-1024x768.jpg 1024w, https:\/\/www.letregrazie.it\/wp-content\/uploads\/2022\/06\/IMG_5696-1-768x576.jpg 768w, https:\/\/www.letregrazie.it\/wp-content\/uploads\/2022\/06\/IMG_5696-1-1536x1152.jpg 1536w\" sizes=\"auto, (max-width: 300px) 100vw, 300px\" \/><\/p>\n","protected":false},"excerpt":{"rendered":"<p>Pour d\u00e8charger le stress et r\u00e9\u00e9quilibrer le corps et l&rsquo;esprit en vacance .<\/p>\n","protected":false},"author":2,"featured_media":10966,"comment_status":"open","ping_status":"open","sticky":false,"template":"","format":"standard","meta":{"footnotes":""},"categories":[552],"tags":[572,573,571],"class_list":["post-10976","post","type-post","status-publish","format-standard","has-post-thumbnail","hentry","category-evenement","tag-meditatio","tag-vacance","tag-yoga-2"],"yoast_head":"<!-- This site is optimized with the Yoast SEO plugin v24.0 - https:\/\/yoast.com\/wordpress\/plugins\/seo\/ -->\n<title>Les cours de yoga et de m\u00e9ditation ont commenc\u00e9. - Le Tre Grazie<\/title>\n<meta name=\"robots\" content=\"index, follow, max-snippet:-1, max-image-preview:large, max-video-preview:-1\" \/>\n<link rel=\"canonical\" href=\"https:\/\/www.letregrazie.it\/fr\/les-cours-de-yoga-et-de-meditation-ont-commence\/\" \/>\n<meta property=\"og:locale\" content=\"fr_FR\" \/>\n<meta property=\"og:type\" content=\"article\" \/>\n<meta property=\"og:title\" content=\"Les cours de yoga et de m\u00e9ditation ont commenc\u00e9. - Le Tre Grazie\" \/>\n<meta property=\"og:description\" content=\"Pour d\u00e8charger le stress et r\u00e9\u00e9quilibrer le corps et l&rsquo;esprit en vacance .\" \/>\n<meta property=\"og:url\" content=\"https:\/\/www.letregrazie.it\/fr\/les-cours-de-yoga-et-de-meditation-ont-commence\/\" \/>\n<meta property=\"og:site_name\" content=\"Le Tre Grazie\" \/>\n<meta property=\"article:published_time\" content=\"2022-06-13T13:18:47+00:00\" \/>\n<meta property=\"og:image\" content=\"https:\/\/www.letregrazie.it\/wp-content\/uploads\/2022\/06\/IMG_5692-scaled.jpg\" \/>\n\t<meta property=\"og:image:width\" content=\"2560\" \/>\n\t<meta property=\"og:image:height\" content=\"1920\" \/>\n\t<meta property=\"og:image:type\" content=\"image\/jpeg\" \/>\n<meta name=\"author\" content=\"martina\" \/>\n<meta name=\"twitter:card\" content=\"summary_large_image\" \/>\n<meta name=\"twitter:label1\" content=\"\u00c9crit par\" \/>\n\t<meta name=\"twitter:data1\" content=\"martina\" \/>\n\t<meta name=\"twitter:label2\" content=\"Dur\u00e9e de lecture estim\u00e9e\" \/>\n\t<meta name=\"twitter:data2\" content=\"1 minute\" \/>\n<script type=\"application\/ld+json\" class=\"yoast-schema-graph\">{\"@context\":\"https:\/\/schema.org\",\"@graph\":[{\"@type\":\"WebPage\",\"@id\":\"https:\/\/www.letregrazie.it\/fr\/les-cours-de-yoga-et-de-meditation-ont-commence\/\",\"url\":\"https:\/\/www.letregrazie.it\/fr\/les-cours-de-yoga-et-de-meditation-ont-commence\/\",\"name\":\"Les cours de yoga et de m\u00e9ditation ont commenc\u00e9. - Le Tre Grazie\",\"isPartOf\":{\"@id\":\"https:\/\/www.letregrazie.it\/#website\"},\"primaryImageOfPage\":{\"@id\":\"https:\/\/www.letregrazie.it\/fr\/les-cours-de-yoga-et-de-meditation-ont-commence\/#primaryimage\"},\"image\":{\"@id\":\"https:\/\/www.letregrazie.it\/fr\/les-cours-de-yoga-et-de-meditation-ont-commence\/#primaryimage\"},\"thumbnailUrl\":\"https:\/\/www.letregrazie.it\/wp-content\/uploads\/2022\/06\/IMG_5692-scaled.jpg\",\"datePublished\":\"2022-06-13T13:18:47+00:00\",\"dateModified\":\"2022-06-13T13:18:47+00:00\",\"author\":{\"@id\":\"https:\/\/www.letregrazie.it\/#\/schema\/person\/7a4eafa90836067dce36577b6b60ba62\"},\"breadcrumb\":{\"@id\":\"https:\/\/www.letregrazie.it\/fr\/les-cours-de-yoga-et-de-meditation-ont-commence\/#breadcrumb\"},\"inLanguage\":\"fr-FR\",\"potentialAction\":[{\"@type\":\"ReadAction\",\"target\":[\"https:\/\/www.letregrazie.it\/fr\/les-cours-de-yoga-et-de-meditation-ont-commence\/\"]}]},{\"@type\":\"ImageObject\",\"inLanguage\":\"fr-FR\",\"@id\":\"https:\/\/www.letregrazie.it\/fr\/les-cours-de-yoga-et-de-meditation-ont-commence\/#primaryimage\",\"url\":\"https:\/\/www.letregrazie.it\/wp-content\/uploads\/2022\/06\/IMG_5692-scaled.jpg\",\"contentUrl\":\"https:\/\/www.letregrazie.it\/wp-content\/uploads\/2022\/06\/IMG_5692-scaled.jpg\",\"width\":2560,\"height\":1920},{\"@type\":\"BreadcrumbList\",\"@id\":\"https:\/\/www.letregrazie.it\/fr\/les-cours-de-yoga-et-de-meditation-ont-commence\/#breadcrumb\",\"itemListElement\":[{\"@type\":\"ListItem\",\"position\":1,\"name\":\"Home\",\"item\":\"https:\/\/www.letregrazie.it\/fr\/\"},{\"@type\":\"ListItem\",\"position\":2,\"name\":\"Les cours de yoga et de m\u00e9ditation ont commenc\u00e9.\"}]},{\"@type\":\"WebSite\",\"@id\":\"https:\/\/www.letregrazie.it\/#website\",\"url\":\"https:\/\/www.letregrazie.it\/\",\"name\":\"Le Tre Grazie\",\"description\":\"\",\"potentialAction\":[{\"@type\":\"SearchAction\",\"target\":{\"@type\":\"EntryPoint\",\"urlTemplate\":\"https:\/\/www.letregrazie.it\/?s={search_term_string}\"},\"query-input\":{\"@type\":\"PropertyValueSpecification\",\"valueRequired\":true,\"valueName\":\"search_term_string\"}}],\"inLanguage\":\"fr-FR\"},{\"@type\":\"Person\",\"@id\":\"https:\/\/www.letregrazie.it\/#\/schema\/person\/7a4eafa90836067dce36577b6b60ba62\",\"name\":\"martina\"}]}<\/script>\n<!-- \/ Yoast SEO plugin. -->","yoast_head_json":{"title":"Les cours de yoga et de m\u00e9ditation ont commenc\u00e9. - Le Tre Grazie","robots":{"index":"index","follow":"follow","max-snippet":"max-snippet:-1","max-image-preview":"max-image-preview:large","max-video-preview":"max-video-preview:-1"},"canonical":"https:\/\/www.letregrazie.it\/fr\/les-cours-de-yoga-et-de-meditation-ont-commence\/","og_locale":"fr_FR","og_type":"article","og_title":"Les cours de yoga et de m\u00e9ditation ont commenc\u00e9. - Le Tre Grazie","og_description":"Pour d\u00e8charger le stress et r\u00e9\u00e9quilibrer le corps et l&rsquo;esprit en vacance .","og_url":"https:\/\/www.letregrazie.it\/fr\/les-cours-de-yoga-et-de-meditation-ont-commence\/","og_site_name":"Le Tre Grazie","article_published_time":"2022-06-13T13:18:47+00:00","og_image":[{"width":2560,"height":1920,"url":"https:\/\/www.letregrazie.it\/wp-content\/uploads\/2022\/06\/IMG_5692-scaled.jpg","type":"image\/jpeg"}],"author":"martina","twitter_card":"summary_large_image","twitter_misc":{"\u00c9crit par":"martina","Dur\u00e9e de lecture estim\u00e9e":"1 minute"},"schema":{"@context":"https:\/\/schema.org","@graph":[{"@type":"WebPage","@id":"https:\/\/www.letregrazie.it\/fr\/les-cours-de-yoga-et-de-meditation-ont-commence\/","url":"https:\/\/www.letregrazie.it\/fr\/les-cours-de-yoga-et-de-meditation-ont-commence\/","name":"Les cours de yoga et de m\u00e9ditation ont commenc\u00e9. - Le Tre Grazie","isPartOf":{"@id":"https:\/\/www.letregrazie.it\/#website"},"primaryImageOfPage":{"@id":"https:\/\/www.letregrazie.it\/fr\/les-cours-de-yoga-et-de-meditation-ont-commence\/#primaryimage"},"image":{"@id":"https:\/\/www.letregrazie.it\/fr\/les-cours-de-yoga-et-de-meditation-ont-commence\/#primaryimage"},"thumbnailUrl":"https:\/\/www.letregrazie.it\/wp-content\/uploads\/2022\/06\/IMG_5692-scaled.jpg","datePublished":"2022-06-13T13:18:47+00:00","dateModified":"2022-06-13T13:18:47+00:00","author":{"@id":"https:\/\/www.letregrazie.it\/#\/schema\/person\/7a4eafa90836067dce36577b6b60ba62"},"breadcrumb":{"@id":"https:\/\/www.letregrazie.it\/fr\/les-cours-de-yoga-et-de-meditation-ont-commence\/#breadcrumb"},"inLanguage":"fr-FR","potentialAction":[{"@type":"ReadAction","target":["https:\/\/www.letregrazie.it\/fr\/les-cours-de-yoga-et-de-meditation-ont-commence\/"]}]},{"@type":"ImageObject","inLanguage":"fr-FR","@id":"https:\/\/www.letregrazie.it\/fr\/les-cours-de-yoga-et-de-meditation-ont-commence\/#primaryimage","url":"https:\/\/www.letregrazie.it\/wp-content\/uploads\/2022\/06\/IMG_5692-scaled.jpg","contentUrl":"https:\/\/www.letregrazie.it\/wp-content\/uploads\/2022\/06\/IMG_5692-scaled.jpg","width":2560,"height":1920},{"@type":"BreadcrumbList","@id":"https:\/\/www.letregrazie.it\/fr\/les-cours-de-yoga-et-de-meditation-ont-commence\/#breadcrumb","itemListElement":[{"@type":"ListItem","position":1,"name":"Home","item":"https:\/\/www.letregrazie.it\/fr\/"},{"@type":"ListItem","position":2,"name":"Les cours de yoga et de m\u00e9ditation ont commenc\u00e9."}]},{"@type":"WebSite","@id":"https:\/\/www.letregrazie.it\/#website","url":"https:\/\/www.letregrazie.it\/","name":"Le Tre Grazie","description":"","potentialAction":[{"@type":"SearchAction","target":{"@type":"EntryPoint","urlTemplate":"https:\/\/www.letregrazie.it\/?s={search_term_string}"},"query-input":{"@type":"PropertyValueSpecification","valueRequired":true,"valueName":"search_term_string"}}],"inLanguage":"fr-FR"},{"@type":"Person","@id":"https:\/\/www.letregrazie.it\/#\/schema\/person\/7a4eafa90836067dce36577b6b60ba62","name":"martina"}]}},"_links":{"self":[{"href":"https:\/\/www.letregrazie.it\/fr\/wp-json\/wp\/v2\/posts\/10976","targetHints":{"allow":["GET"]}}],"collection":[{"href":"https:\/\/www.letregrazie.it\/fr\/wp-json\/wp\/v2\/posts"}],"about":[{"href":"https:\/\/www.letregrazie.it\/fr\/wp-json\/wp\/v2\/types\/post"}],"author":[{"embeddable":true,"href":"https:\/\/www.letregrazie.it\/fr\/wp-json\/wp\/v2\/users\/2"}],"replies":[{"embeddable":true,"href":"https:\/\/www.letregrazie.it\/fr\/wp-json\/wp\/v2\/comments?post=10976"}],"version-history":[{"count":1,"href":"https:\/\/www.letregrazie.it\/fr\/wp-json\/wp\/v2\/posts\/10976\/revisions"}],"predecessor-version":[{"id":10977,"href":"https:\/\/www.letregrazie.it\/fr\/wp-json\/wp\/v2\/posts\/10976\/revisions\/10977"}],"wp:featuredmedia":[{"embeddable":true,"href":"https:\/\/www.letregrazie.it\/fr\/wp-json\/wp\/v2\/media\/10966"}],"wp:attachment":[{"href":"https:\/\/www.letregrazie.it\/fr\/wp-json\/wp\/v2\/media?parent=10976"}],"wp:term":[{"taxonomy":"category","embeddable":true,"href":"https:\/\/www.letregrazie.it\/fr\/wp-json\/wp\/v2\/categories?post=10976"},{"taxonomy":"post_tag","embeddable":true,"href":"https:\/\/www.letregrazie.it\/fr\/wp-json\/wp\/v2\/tags?post=10976"}],"curies":[{"name":"wp","href":"https:\/\/api.w.org\/{rel}","templated":true}]}}